{"id":6798,"global_id":"villamariaturismo.com.ar\/deporte-turismo?id=6798","global_id_lineage":["villamariaturismo.com.ar\/deporte-turismo?id=6798"],"author":"3","status":"publish","date":"2026-03-02 12:45:04","date_utc":"2026-03-02 12:45:04","modified":"2026-03-02 12:45:21","modified_utc":"2026-03-02 12:45:21","url":"https:\/\/villamariaturismo.com.ar\/deporte-turismo\/event\/recital-de-aftericos-el-regreso\/","rest_url":"https:\/\/villamariaturismo.com.ar\/deporte-turismo\/wp-json\/tribe\/events\/v1\/events\/6798","title":"Recital de Aft\u00e9ricos, el regreso","description":"<p>Regresa la banda Aft\u00e9ricos. M\u00e1s Dj Cieglitter. Regio (C\u00e1rcano 76)<\/p>","excerpt":"","slug":"recital-de-aftericos-el-regreso","image":{"url":"https:\/\/villamariaturismo.com.ar\/deporte-turismo\/wp-content\/uploads\/2026\/03\/image_DQEkGRN.jpg","id":6799,"extension":"jpg","width":456,"height":537,"filesize":60561,"sizes":{"medium":{"width":255,"height":300,"mime-type":"image\/jpeg","filesize":17129,"url":"https:\/\/villamariaturismo.com.ar\/deporte-turismo\/wp-content\/uploads\/2026\/03\/image_DQEkGRN-255x300.jpg"},"thumbnail":{"width":150,"height":150,"mime-type":"image\/jpeg","filesize":6986,"url":"https:\/\/villamariaturismo.com.ar\/deporte-turismo\/wp-content\/uploads\/2026\/03\/image_DQEkGRN-150x150.jpg"}}},"all_day":false,"start_date":"2026-03-07 23:30:00","start_date_details":{"year":"2026","month":"03","day":"07","hour":"23","minutes":"30","seconds":"00"},"end_date":"2026-03-07 23:30:00","end_date_details":{"year":"2026","month":"03","day":"07","hour":"23","minutes":"30","seconds":"00"},"utc_start_date":"2026-03-07 23:30:00","utc_start_date_details":{"year":"2026","month":"03","day":"07","hour":"23","minutes":"30","seconds":"00"},"utc_end_date":"2026-03-07 23:30:00","utc_end_date_details":{"year":"2026","month":"03","day":"07","hour":"23","minutes":"30","seconds":"00"},"timezone":"UTC+0","timezone_abbr":"UTC+0","cost":"","cost_details":{"currency_symbol":"$","currency_code":"USD","currency_position":"prefix","values":[]},"website":"","show_map":true,"show_map_link":true,"hide_from_listings":false,"sticky":false,"featured":false,"categories":[],"tags":[],"venue":[],"organizer":[],"custom_fields":[],"json_ld":{"@context":"http:\/\/schema.org","@type":"Event","name":"Recital de Aft\u00e9ricos, el regreso","description":"&lt;p&gt;Regresa la banda Aft\u00e9ricos. M\u00e1s Dj Cieglitter. Regio (C\u00e1rcano 76)&lt;\/p&gt;\\n","image":"https:\/\/villamariaturismo.com.ar\/deporte-turismo\/wp-content\/uploads\/2026\/03\/image_DQEkGRN.jpg","url":"https:\/\/villamariaturismo.com.ar\/deporte-turismo\/event\/recital-de-aftericos-el-regreso\/","eventAttendanceMode":"https:\/\/schema.org\/OfflineEventAttendanceMode","eventStatus":"https:\/\/schema.org\/EventScheduled","startDate":"2026-03-07T23:30:00+00:00","endDate":"2026-03-07T23:30:00+00:00","performer":"Organization"}}