{"id":6396,"global_id":"villamariaturismo.com.ar\/deporte-turismo?id=6396","global_id_lineage":["villamariaturismo.com.ar\/deporte-turismo?id=6396"],"author":"3","status":"publish","date":"2026-01-14 12:37:43","date_utc":"2026-01-14 12:37:43","modified":"2026-01-14 12:38:02","modified_utc":"2026-01-14 12:38:02","url":"https:\/\/villamariaturismo.com.ar\/deporte-turismo\/event\/festival-del-acordeon\/","rest_url":"https:\/\/villamariaturismo.com.ar\/deporte-turismo\/wp-json\/tribe\/events\/v1\/events\/6396","title":"Festival del Acorde\u00f3n","description":"<p>Festival del acorde\u00f3n con Antonio Nalino , Paola Lovo y Elena Portolessi , acompa\u00f1a la academia passion y garaje flamenco. (Explanada Monumento San Martin , bajada del puente alberdi , Rivadavia 599) Entrada libre y gratuita<\/p>","excerpt":"","slug":"festival-del-acordeon","image":{"url":"https:\/\/villamariaturismo.com.ar\/deporte-turismo\/wp-content\/uploads\/2026\/01\/171e4caf-03ac-4e48-86c0-ad375ccf4f1c.jpg","id":6397,"extension":"jpg","width":1280,"height":1600,"filesize":233152,"sizes":{"medium":{"width":240,"height":300,"mime-type":"image\/jpeg","filesize":20740,"url":"https:\/\/villamariaturismo.com.ar\/deporte-turismo\/wp-content\/uploads\/2026\/01\/171e4caf-03ac-4e48-86c0-ad375ccf4f1c-240x300.jpg"},"large":{"width":819,"height":1024,"mime-type":"image\/jpeg","filesize":144248,"url":"https:\/\/villamariaturismo.com.ar\/deporte-turismo\/wp-content\/uploads\/2026\/01\/171e4caf-03ac-4e48-86c0-ad375ccf4f1c-819x1024.jpg"},"thumbnail":{"width":150,"height":150,"mime-type":"image\/jpeg","filesize":8171,"url":"https:\/\/villamariaturismo.com.ar\/deporte-turismo\/wp-content\/uploads\/2026\/01\/171e4caf-03ac-4e48-86c0-ad375ccf4f1c-150x150.jpg"},"medium_large":{"width":768,"height":960,"mime-type":"image\/jpeg","filesize":131524,"url":"https:\/\/villamariaturismo.com.ar\/deporte-turismo\/wp-content\/uploads\/2026\/01\/171e4caf-03ac-4e48-86c0-ad375ccf4f1c-768x960.jpg"},"1536x1536":{"width":1229,"height":1536,"mime-type":"image\/jpeg","filesize":251934,"url":"https:\/\/villamariaturismo.com.ar\/deporte-turismo\/wp-content\/uploads\/2026\/01\/171e4caf-03ac-4e48-86c0-ad375ccf4f1c-1229x1536.jpg"}}},"all_day":false,"start_date":"2026-01-18 20:30:00","start_date_details":{"year":"2026","month":"01","day":"18","hour":"20","minutes":"30","seconds":"00"},"end_date":"2026-01-18 20:30:00","end_date_details":{"year":"2026","month":"01","day":"18","hour":"20","minutes":"30","seconds":"00"},"utc_start_date":"2026-01-18 20:30:00","utc_start_date_details":{"year":"2026","month":"01","day":"18","hour":"20","minutes":"30","seconds":"00"},"utc_end_date":"2026-01-18 20:30:00","utc_end_date_details":{"year":"2026","month":"01","day":"18","hour":"20","minutes":"30","seconds":"00"},"timezone":"UTC+0","timezone_abbr":"UTC+0","cost":"","cost_details":{"currency_symbol":"$","currency_code":"USD","currency_position":"prefix","values":[]},"website":"","show_map":true,"show_map_link":true,"hide_from_listings":false,"sticky":false,"featured":false,"categories":[],"tags":[],"venue":[],"organizer":[],"custom_fields":[],"json_ld":{"@context":"http:\/\/schema.org","@type":"Event","name":"Festival del Acorde\u00f3n","description":"&lt;p&gt;Festival del acorde\u00f3n con Antonio Nalino , Paola Lovo y Elena Portolessi , acompa\u00f1a la academia passion y garaje flamenco. (Explanada Monumento San Martin , bajada del puente alberdi , [&hellip;]&lt;\/p&gt;\\n","image":"https:\/\/villamariaturismo.com.ar\/deporte-turismo\/wp-content\/uploads\/2026\/01\/171e4caf-03ac-4e48-86c0-ad375ccf4f1c.jpg","url":"https:\/\/villamariaturismo.com.ar\/deporte-turismo\/event\/festival-del-acordeon\/","eventAttendanceMode":"https:\/\/schema.org\/OfflineEventAttendanceMode","eventStatus":"https:\/\/schema.org\/EventScheduled","startDate":"2026-01-18T20:30:00+00:00","endDate":"2026-01-18T20:30:00+00:00","performer":"Organization"}}