{"id":4433,"global_id":"villamariaturismo.com.ar\/deporte-turismo?id=4433","global_id_lineage":["villamariaturismo.com.ar\/deporte-turismo?id=4433"],"author":"3","status":"publish","date":"2025-07-01 13:57:15","date_utc":"2025-07-01 13:57:15","modified":"2025-07-01 13:57:26","modified_utc":"2025-07-01 13:57:26","url":"https:\/\/villamariaturismo.com.ar\/deporte-turismo\/event\/charly-garcia-unplugged-en-el-rito\/","rest_url":"https:\/\/villamariaturismo.com.ar\/deporte-turismo\/wp-json\/tribe\/events\/v1\/events\/4433","title":"Charly Garc\u00eda unplugged en El Rito","description":"<p>Charly Garc\u00eda unplugged en El Rito &#8211; S\u00e1bado 5 de julio a las 22:00hs.<\/p>","excerpt":"","slug":"charly-garcia-unplugged-en-el-rito","image":{"url":"https:\/\/villamariaturismo.com.ar\/deporte-turismo\/wp-content\/uploads\/2025\/07\/WhatsApp-Image-2025-06-30-at-12.29.04-2.jpeg","id":4434,"extension":"jpeg","width":1044,"height":1600,"filesize":123583,"sizes":{"medium":{"width":196,"height":300,"mime-type":"image\/jpeg","filesize":13970,"url":"https:\/\/villamariaturismo.com.ar\/deporte-turismo\/wp-content\/uploads\/2025\/07\/WhatsApp-Image-2025-06-30-at-12.29.04-2-196x300.jpeg"},"large":{"width":668,"height":1024,"mime-type":"image\/jpeg","filesize":80248,"url":"https:\/\/villamariaturismo.com.ar\/deporte-turismo\/wp-content\/uploads\/2025\/07\/WhatsApp-Image-2025-06-30-at-12.29.04-2-668x1024.jpeg"},"thumbnail":{"width":150,"height":150,"mime-type":"image\/jpeg","filesize":6762,"url":"https:\/\/villamariaturismo.com.ar\/deporte-turismo\/wp-content\/uploads\/2025\/07\/WhatsApp-Image-2025-06-30-at-12.29.04-2-150x150.jpeg"},"medium_large":{"width":768,"height":1177,"mime-type":"image\/jpeg","filesize":96450,"url":"https:\/\/villamariaturismo.com.ar\/deporte-turismo\/wp-content\/uploads\/2025\/07\/WhatsApp-Image-2025-06-30-at-12.29.04-2-768x1177.jpeg"},"1536x1536":{"width":1002,"height":1536,"mime-type":"image\/jpeg","filesize":138728,"url":"https:\/\/villamariaturismo.com.ar\/deporte-turismo\/wp-content\/uploads\/2025\/07\/WhatsApp-Image-2025-06-30-at-12.29.04-2-1002x1536.jpeg"}}},"all_day":false,"start_date":"2025-07-05 22:00:00","start_date_details":{"year":"2025","month":"07","day":"05","hour":"22","minutes":"00","seconds":"00"},"end_date":"2025-07-05 22:00:00","end_date_details":{"year":"2025","month":"07","day":"05","hour":"22","minutes":"00","seconds":"00"},"utc_start_date":"2025-07-05 22:00:00","utc_start_date_details":{"year":"2025","month":"07","day":"05","hour":"22","minutes":"00","seconds":"00"},"utc_end_date":"2025-07-05 22:00:00","utc_end_date_details":{"year":"2025","month":"07","day":"05","hour":"22","minutes":"00","seconds":"00"},"timezone":"UTC+0","timezone_abbr":"UTC+0","cost":"","cost_details":{"currency_symbol":"$","currency_code":"USD","currency_position":"prefix","values":[]},"website":"","show_map":true,"show_map_link":true,"hide_from_listings":false,"sticky":false,"featured":false,"categories":[{"name":"M\u00fasica","slug":"musica","term_group":0,"term_taxonomy_id":39,"taxonomy":"tribe_events_cat","description":"","parent":0,"count":63,"filter":"raw","id":39,"urls":{"self":"https:\/\/villamariaturismo.com.ar\/deporte-turismo\/wp-json\/tribe\/events\/v1\/categories\/39","collection":"https:\/\/villamariaturismo.com.ar\/deporte-turismo\/wp-json\/tribe\/events\/v1\/categories"}}],"tags":[],"venue":[],"organizer":[],"custom_fields":[],"json_ld":{"@context":"http:\/\/schema.org","@type":"Event","name":"Charly Garc\u00eda unplugged en El Rito","description":"&lt;p&gt;Charly Garc\u00eda unplugged en El Rito - S\u00e1bado 5 de julio a las 22:00hs.&lt;\/p&gt;\\n","image":"https:\/\/villamariaturismo.com.ar\/deporte-turismo\/wp-content\/uploads\/2025\/07\/WhatsApp-Image-2025-06-30-at-12.29.04-2.jpeg","url":"https:\/\/villamariaturismo.com.ar\/deporte-turismo\/event\/charly-garcia-unplugged-en-el-rito\/","eventAttendanceMode":"https:\/\/schema.org\/OfflineEventAttendanceMode","eventStatus":"https:\/\/schema.org\/EventScheduled","startDate":"2025-07-05T22:00:00+00:00","endDate":"2025-07-05T22:00:00+00:00","performer":"Organization"}}